{"id":19972,"date":"2025-02-11T16:53:40","date_gmt":"2025-02-11T16:53:40","guid":{"rendered":"https:\/\/avectatiana.com\/?p=19972"},"modified":"2026-04-09T11:59:14","modified_gmt":"2026-04-09T11:59:14","slug":"que-es-el-acompanamiento-integral","status":"publish","type":"post","link":"https:\/\/avectatiana.com\/index.php\/2025\/02\/11\/que-es-el-acompanamiento-integral\/","title":{"rendered":"\u00bfQu\u00e9 es el Acompa\u00f1amiento Integral?"},"content":{"rendered":"\t\t<div data-elementor-type=\"wp-post\" data-elementor-id=\"19972\" class=\"elementor elementor-19972\" data-elementor-post-type=\"post\">\n\t\t\t\t\t\t\t\t\t<section class=\"elementor-section elementor-top-section elementor-element elementor-element-195fd9a elementor-section-boxed elementor-section-height-default elementor-section-height-default qodef-backgound-letter-holder-no qodef-elementor-content-no\" data-id=\"195fd9a\" data-element_type=\"section\">\n\t\t\t\t\t\t<div class=\"elementor-container elementor-column-gap-default\">\n\t\t\t\t\t<div class=\"elementor-column elementor-col-100 elementor-top-column elementor-element elementor-element-be028dd\" data-id=\"be028dd\" data-element_type=\"column\">\n\t\t\t<div class=\"elementor-widget-wrap elementor-element-populated\">\n\t\t\t\t\t\t\t\t<div class=\"elementor-element elementor-element-e2e3148 elementor-widget elementor-widget-text-editor\" data-id=\"e2e3148\" data-element_type=\"widget\" data-widget_type=\"text-editor.default\">\n\t\t\t\t<div class=\"elementor-widget-container\">\n\t\t\t<style>\/*! elementor - v3.17.0 - 08-11-2023 *\/\n.elementor-widget-text-editor.elementor-drop-cap-view-stacked .elementor-drop-cap{background-color:#69727d;color:#fff}.elementor-widget-text-editor.elementor-drop-cap-view-framed .elementor-drop-cap{color:#69727d;border:3px solid;background-color:transparent}.elementor-widget-text-editor:not(.elementor-drop-cap-view-default) .elementor-drop-cap{margin-top:8px}.elementor-widget-text-editor:not(.elementor-drop-cap-view-default) .elementor-drop-cap-letter{width:1em;height:1em}.elementor-widget-text-editor .elementor-drop-cap{float:left;text-align:center;line-height:1;font-size:50px}.elementor-widget-text-editor .elementor-drop-cap-letter{display:inline-block}<\/style>\t\t\t\t<p class=\"p1\">Hola, bienvenida a esta lectura.<\/p><p class=\"p1\">Es mucha la confusi\u00f3n que a veces se genera en relaci\u00f3n a la ayuda, el acompa\u00f1amiento, ya que parece que en el sector m\u00e1s integrativo u hol\u00edstico, todo lleva el mismo nombre.<\/p><p class=\"p1\">Quiero comenzar diciendo que en Occidente estamos acostumbrados a comprender la mente, el cuerpo y el esp\u00edritu por separado. Nos hemos quedado con la primera fase que propuso Descartes de \u201cseparar las cosas para comprenderlas\u2026\u201d pero luego es necesario unirlas para verlas en su totalidad y eso nos lo hemos saltado.<\/p><p class=\"p1\">Esto nos lleva, muchas veces, a buscar el error y no la causa, a tratar el s\u00edntoma y no la ra\u00edz de eso que nos sucede.<\/p><p class=\"p1\">Para m\u00ed, el ser humano es completo e \u00edntegro; esto significa que contamos con los recursos y herramientas a nivel interno e individual para ir a la ra\u00edz de lo que est\u00e1 sucediendo. Ir a la ra\u00edz desde la completitud y no desde el \u201cparcelamiento\u201d de lo que me sucede.<\/p><p class=\"p1\">Con individual, no me refiero a que yo todo lo tengo que hacer sola, si no que me refiero a que mi ser individual tiene la sabidur\u00eda innata de ver, leer e interpretar qu\u00e9 me sucede, abrazando todo lo que soy. El otro, es un apoyo no una gu\u00eda.<\/p><p class=\"p1\">Es cierto que esta voz sabia est\u00e1 muy dormida pero no tan ausente como nos creemos.<\/p><p class=\"p1\">Nosotros tenemos la capacidad de sentir y percibir las cosas de forma completa, global, \u201cacogedora\u201d. Innatamente contamos con una visi\u00f3n 360 de nuestro interno, solo hemos de caminar hacia despertar nuestra voz dormida.<\/p>\t\t\t\t\t\t<\/div>\n\t\t\t\t<\/div>\n\t\t\t\t<div class=\"elementor-element elementor-element-6a59d31 elementor-widget elementor-widget-text-editor\" data-id=\"6a59d31\" data-element_type=\"widget\" data-widget_type=\"text-editor.default\">\n\t\t\t\t<div class=\"elementor-widget-container\">\n\t\t\t\t\t\t\t<blockquote><p class=\"p1\">Se integra el cuerpo con la mente para crear el esp\u00edritu, que es la consciencia. Desde esta consciencia es que podemos ver de manera objetiva la vida, la circunstancia y caminar hacia una ruta propia.<\/p><\/blockquote>\t\t\t\t\t\t<\/div>\n\t\t\t\t<\/div>\n\t\t\t\t<div class=\"elementor-element elementor-element-cc6a4be elementor-widget elementor-widget-text-editor\" data-id=\"cc6a4be\" data-element_type=\"widget\" data-widget_type=\"text-editor.default\">\n\t\t\t\t<div class=\"elementor-widget-container\">\n\t\t\t\t\t\t\t<p class=\"p1\">Cu\u00e1ndo hablo de \u201cAcompa\u00f1amiento Integral\u201d, en mi caso, hablo de acoger todo aquello que somos (Mente | Cuerpo | Esp\u00edritu) y ponerlo sobre la mesa para, desde ah\u00ed, caminar hacia un bienestar ra\u00edz (bienSer), aut\u00e9ntico, sostenible y aut\u00f3nomo.<\/p>\n<p class=\"p1\">Significa que acojo todo lo que la persona es y trabajamos con todo ello para ir a la causa ra\u00edz del malestar.<\/p>\n<p class=\"p1\">\u00bfLa incomodidad que sientes es m\u00e1s espiritual, trascendental? \u00bfEs de algo que te sucedi\u00f3 en el pasado? \u00bfEs un evento f\u00edsico o traum\u00e1tico que est\u00e1 sucediendo? \u00bfPuede ser todo a la vez?\u2026<\/p>\n<p class=\"p1\">Te acompa\u00f1o a caminar con compasi\u00f3n, consciencia y amabilidad para descubrir primero todo aquello que hay en t\u00ed, para dar paso a vivir desde el Ser.<\/p>\n<p class=\"p1\">A continuaci\u00f3n os detallo m\u00e1s espec\u00edficamente algunas posibles dudas:<\/p>\t\t\t\t\t\t<\/div>\n\t\t\t\t<\/div>\n\t\t\t\t<div class=\"elementor-element elementor-element-135b1ec elementor-widget elementor-widget-image\" data-id=\"135b1ec\" data-element_type=\"widget\" data-widget_type=\"image.default\">\n\t\t\t\t<div class=\"elementor-widget-container\">\n\t\t\t<style>\/*! elementor - v3.17.0 - 08-11-2023 *\/\n.elementor-widget-image{text-align:center}.elementor-widget-image a{display:inline-block}.elementor-widget-image a img[src$=\".svg\"]{width:48px}.elementor-widget-image img{vertical-align:middle;display:inline-block}<\/style>\t\t\t\t\t\t\t\t\t<figure class=\"wp-caption\">\n\t\t\t\t\t\t\t\t\t\t<img decoding=\"async\" width=\"638\" height=\"477\" src=\"https:\/\/avectatiana.com\/wp-content\/uploads\/2025\/02\/1265a8e8b06b23ce72f8fc9adc9269bf-e1739292690327.jpg\" class=\"attachment-large size-large wp-image-19984\" alt=\"\" srcset=\"https:\/\/avectatiana.com\/wp-content\/uploads\/2025\/02\/1265a8e8b06b23ce72f8fc9adc9269bf-e1739292690327.jpg 638w, https:\/\/avectatiana.com\/wp-content\/uploads\/2025\/02\/1265a8e8b06b23ce72f8fc9adc9269bf-e1739292690327-300x224.jpg 300w, https:\/\/avectatiana.com\/wp-content\/uploads\/2025\/02\/1265a8e8b06b23ce72f8fc9adc9269bf-e1739292690327-600x449.jpg 600w\" sizes=\"(max-width: 638px) 100vw, 638px\" \/>\t\t\t\t\t\t\t\t\t\t\t<figcaption class=\"widget-image-caption wp-caption-text\"><\/figcaption>\n\t\t\t\t\t\t\t\t\t\t<\/figure>\n\t\t\t\t\t\t\t\t\t<\/div>\n\t\t\t\t<\/div>\n\t\t\t\t<div class=\"elementor-element elementor-element-6b19e33 elementor-widget elementor-widget-text-editor\" data-id=\"6b19e33\" data-element_type=\"widget\" data-widget_type=\"text-editor.default\">\n\t\t\t\t<div class=\"elementor-widget-container\">\n\t\t\t\t\t\t\t<h2 class=\"p1\">\u00bfQu\u00e9 es lo que se integra?<\/h2>\t\t\t\t\t\t<\/div>\n\t\t\t\t<\/div>\n\t\t\t\t<div class=\"elementor-element elementor-element-2c19900 elementor-widget elementor-widget-text-editor\" data-id=\"2c19900\" data-element_type=\"widget\" data-widget_type=\"text-editor.default\">\n\t\t\t\t<div class=\"elementor-widget-container\">\n\t\t\t\t\t\t\t<p class=\"p1\">Se integra el cuerpo con la mente para crear el esp\u00edritu, que es la consciencia. Desde esta consciencia es que podemos ver de manera objetiva la vida, la circunstancia y caminar hacia una ruta propia.<\/p><p class=\"p1\">Tratamos de ir a la conexi\u00f3n genuina para trabajar integrando cada parte de nosotros, todo aquello que somos, para no quedarnos con una parcela de lo que \u201ccreo que me sucede\u201d si no ir al origen desde una mirada objetiva. De esta manera estamos integrando mente | cuerpo | esp\u00edritu, consciente e inconsciente en pos de un bienestar ra\u00edz.<\/p>\t\t\t\t\t\t<\/div>\n\t\t\t\t<\/div>\n\t\t\t\t<div class=\"elementor-element elementor-element-12a7611 elementor-widget elementor-widget-text-editor\" data-id=\"12a7611\" data-element_type=\"widget\" data-widget_type=\"text-editor.default\">\n\t\t\t\t<div class=\"elementor-widget-container\">\n\t\t\t\t\t\t\t<h2 class=\"p1\">\u00bfCon \u201cintegral\u201d te refieres a que tambi\u00e9n tocamos temas como la energ\u00eda, la alimentaci\u00f3n, h\u00e1bitos deportivos?<\/h2>\t\t\t\t\t\t<\/div>\n\t\t\t\t<\/div>\n\t\t\t\t<div class=\"elementor-element elementor-element-451cc22 elementor-widget elementor-widget-text-editor\" data-id=\"451cc22\" data-element_type=\"widget\" data-widget_type=\"text-editor.default\">\n\t\t\t\t<div class=\"elementor-widget-container\">\n\t\t\t\t\t\t\t<p class=\"p1\">No trabajo directamente de forma energ\u00e9tica, es verdad que desde el yoga comprendemos que todo es lo mismo y que no podemos aislar lo uno de lo otro. Sin embargo, no me especializo, ni toco, la rama energ\u00e9tica de la sanaci\u00f3n o el acompa\u00f1amiento. Si est\u00e1s interesada en esto te recomiendo a @aleestrada .<\/p><p class=\"p1\">Como he mencionado antes, trabajo integrando la mente, cuerpo y esp\u00edritu. Cuando me refiero al cuerpo, tiene que ver con la somatizaci\u00f3n y la sintomatolog\u00eda que nos alerta de heridas emocionales (en ocasiones es el nivel energ\u00e9tico el que nos lanza el hilo del que tirar). En mi caso, es el yoga el que me ayuda a acompa\u00f1aros desde la presencia, conexi\u00f3n, consciencia y calma.<\/p><p class=\"p1\">Por lo tanto, queda claro que no nos enfocamos en sanaci\u00f3n energ\u00e9tica, h\u00e1bitos alimenticios ni deportivos.<\/p><p class=\"p1\"><br \/>Vale si Tatiana, me queda claro qu\u00e9 es integral pero\u2026<\/p>\t\t\t\t\t\t<\/div>\n\t\t\t\t<\/div>\n\t\t\t\t<div class=\"elementor-element elementor-element-7b8fd6b elementor-widget elementor-widget-text-editor\" data-id=\"7b8fd6b\" data-element_type=\"widget\" data-widget_type=\"text-editor.default\">\n\t\t\t\t<div class=\"elementor-widget-container\">\n\t\t\t\t\t\t\t<h2 class=\"p1\">\u00bfHacemos Yoga en los acompa\u00f1amientos individuales?<\/h2>\t\t\t\t\t\t<\/div>\n\t\t\t\t<\/div>\n\t\t\t\t<div class=\"elementor-element elementor-element-58e0997 elementor-widget elementor-widget-text-editor\" data-id=\"58e0997\" data-element_type=\"widget\" data-widget_type=\"text-editor.default\">\n\t\t\t\t<div class=\"elementor-widget-container\">\n\t\t\t\t\t\t\t<p class=\"p1\">El yoga, para m\u00ed, es una filosof\u00eda de vida que impregna todo lo que hago y soy. En ocasiones me sirvo de sus infinitas herramientas para ayudar a la persona a conectar y conocerse mejor. Son muchas las veces que acompa\u00f1o la terapia integral de recursos entre sesiones, como pueden ser secuencias de \u00e2sana, t\u00e9cnicas respiratorias, meditaciones, as\u00ed como otros recursos que nos ayudan a conectar e ir a la ra\u00edz de la cuesti\u00f3n.<\/p>\n<p class=\"p1\">Las clases de yoga pers\u00e9, son en formato presencial y no hacemos terapia. Puedes ver recursos gratuitos c\u00f3mo pr\u00e1cticas, pranayamas y m\u00e1s en el apartado de <u><i><b><a href=\"https:\/\/avectatiana.com\/index.php\/recursos-gratis\/\">Recursos gratuitos <\/a><\/b><\/i><\/u>de la web.<\/p>\n<p class=\"p1\">En conclusi\u00f3n, el acompa\u00f1amiento terap\u00e9utico individual no cuenta con clases de yoga.<\/p>\t\t\t\t\t\t<\/div>\n\t\t\t\t<\/div>\n\t\t\t\t<div class=\"elementor-element elementor-element-306237d elementor-widget elementor-widget-text-editor\" data-id=\"306237d\" data-element_type=\"widget\" data-widget_type=\"text-editor.default\">\n\t\t\t\t<div class=\"elementor-widget-container\">\n\t\t\t\t\t\t\t<h2 class=\"p1\">\u00bfMe ayuda esta perspectiva a transformar mi vida?<\/h2>\t\t\t\t\t\t<\/div>\n\t\t\t\t<\/div>\n\t\t\t\t<div class=\"elementor-element elementor-element-f2cc37e elementor-widget elementor-widget-text-editor\" data-id=\"f2cc37e\" data-element_type=\"widget\" data-widget_type=\"text-editor.default\">\n\t\t\t\t<div class=\"elementor-widget-container\">\n\t\t\t\t\t\t\t<p class=\"p1\">Sin duda esta es la manera m\u00e1s conectada y por lo tanto \u201cm\u00e1s efectiva\u201d de ir a la ra\u00edz para ver lo que hay, permitirnos transitarlo, aceptarlo y transformarlo. No quiero decir con esto que sea la v\u00eda m\u00e1s r\u00e1pida, puesto que no creo en lo r\u00e1pido cuando hablamos de procesos de vida. Es clave, saber, entender y aceptar que un proceso de vida, al igual que la vida, tiene sus tiempos, ritmos y sentires.<\/p><p class=\"p1\">A veces no es necesario \u201ctransformar\u201d las cosas, en ocasiones con hacerlas consciente ya nos ayuda a vivir la experiencia desde otra mirada, por lo tanto, con otra acci\u00f3n, sensaci\u00f3n y sentimiento.<\/p><p class=\"p1\">El enfoque integral de tratar la incomodidad es la que m\u00e1s resuena conmigo a d\u00eda de hoy, la que m\u00e1s me ha ayudado y la que m\u00e1s apoyo para conocernos en completitud.<\/p><p>\u00a0<\/p><p>\u00a0<\/p><p class=\"p1\">Deseo que este texto te haya ayudado a comprender m\u00e1s qu\u00e9 puedes encontrar en la Terapia Integral, porqu\u00e9 es tan importante y las diferencias que puedes encontrar con respecto a otros profesionales.<\/p><p class=\"p1\">Con cari\u00f1o y gratitud,<\/p><p class=\"p1\">Tatiana.<\/p>\t\t\t\t\t\t<\/div>\n\t\t\t\t<\/div>\n\t\t\t\t<div class=\"elementor-element elementor-element-561da44 elementor-widget elementor-widget-text-editor\" data-id=\"561da44\" data-element_type=\"widget\" data-widget_type=\"text-editor.default\">\n\t\t\t\t<div class=\"elementor-widget-container\">\n\t\t\t\t\t\t\t<h3 class=\"p1\"><span style=\"text-decoration: underline;\"><em><a href=\"https:\/\/avectatiana.com\/index.php\/acompanamiento-integral\/?preview_id=19622&amp;preview_nonce=6c77befc15&amp;preview=true\">M\u00e1s informaci\u00f3n sobre la Terapia Integral aqu\u00ed.<\/a><\/em><\/span><\/h3>\t\t\t\t\t\t<\/div>\n\t\t\t\t<\/div>\n\t\t\t\t\t<\/div>\n\t\t<\/div>\n\t\t\t\t\t\t\t<\/div>\n\t\t<\/section>\n\t\t\t\t\t\t\t<\/div>\n\t\t","protected":false},"excerpt":{"rendered":"<p>Hola, bienvenida a esta lectura. Es mucha la confusi\u00f3n que a veces se genera en relaci\u00f3n a la ayuda, el acompa\u00f1amiento, ya que parece que en el sector m\u00e1s integrativo [&hellip;]<\/p>\n","protected":false},"author":1,"featured_media":20270,"comment_status":"open","ping_status":"open","sticky":false,"template":"","format":"standard","meta":{"footnotes":""},"categories":[120,119],"tags":[],"class_list":["post-19972","post","type-post","status-publish","format-standard","has-post-thumbnail","hentry","category-coaching","category-yoga"],"_links":{"self":[{"href":"https:\/\/avectatiana.com\/index.php\/wp-json\/wp\/v2\/posts\/19972","targetHints":{"allow":["GET"]}}],"collection":[{"href":"https:\/\/avectatiana.com\/index.php\/wp-json\/wp\/v2\/posts"}],"about":[{"href":"https:\/\/avectatiana.com\/index.php\/wp-json\/wp\/v2\/types\/post"}],"author":[{"embeddable":true,"href":"https:\/\/avectatiana.com\/index.php\/wp-json\/wp\/v2\/users\/1"}],"replies":[{"embeddable":true,"href":"https:\/\/avectatiana.com\/index.php\/wp-json\/wp\/v2\/comments?post=19972"}],"version-history":[{"count":0,"href":"https:\/\/avectatiana.com\/index.php\/wp-json\/wp\/v2\/posts\/19972\/revisions"}],"wp:featuredmedia":[{"embeddable":true,"href":"https:\/\/avectatiana.com\/index.php\/wp-json\/wp\/v2\/media\/20270"}],"wp:attachment":[{"href":"https:\/\/avectatiana.com\/index.php\/wp-json\/wp\/v2\/media?parent=19972"}],"wp:term":[{"taxonomy":"category","embeddable":true,"href":"https:\/\/avectatiana.com\/index.php\/wp-json\/wp\/v2\/categories?post=19972"},{"taxonomy":"post_tag","embeddable":true,"href":"https:\/\/avectatiana.com\/index.php\/wp-json\/wp\/v2\/tags?post=19972"}],"curies":[{"name":"wp","href":"https:\/\/api.w.org\/{rel}","templated":true}]}}